{"id":11481,"date":"2026-09-01T13:11:15","date_gmt":"2026-09-01T16:11:15","guid":{"rendered":"https:\/\/consbuenosaires.esteri.it\/?p=11481"},"modified":"2026-09-01T13:11:15","modified_gmt":"2026-09-01T16:11:15","slug":"avviso-pubblico-per-lofferta-di-sponsorizzazioni-ai-fini-dellorganizzazione-delle-attivita-di-promozione-istituzionali-2027","status":"publish","type":"post","link":"https:\/\/consbuenosaires.esteri.it\/it\/news\/dal_consolato\/2026\/09\/avviso-pubblico-per-lofferta-di-sponsorizzazioni-ai-fini-dellorganizzazione-delle-attivita-di-promozione-istituzionali-2027\/","title":{"rendered":"AVVISO PUBBLICO PER L\u2019OFFERTA DI SPONSORIZZAZIONI AI FINI DELL\u2019ORGANIZZAZIONE DELLE ATTIVIT\u00c0 DI PROMOZIONE ISTITUZIONALI 2027"},"content":{"rendered":"<p>Si pubblica l\u2019avviso per l\u2019offerta di sponsorizzazioni ai fini dell\u2019organizzazione delle attivit\u00e0 di promozione istituzionali che avranno luogo nell\u2019anno 2027.<\/p>\n<p>Si tratta di attivit\u00e0 di promozione della cultura italiana, nonch\u00e9 di coinvolgimento della collettivit\u00e0 italiana e italo-argentina a Buenos Aires, com\u2019\u00e8 noto la pi\u00f9 numerosa al mondo fuori dai confini nazionali, con l\u2019obiettivo di riavvicinare gli italo-argentini alle loro origini e stimolare l\u2019interesse verso il nostro Paese.<\/p>\n<p>Scarica:<\/p>\n<p><a href=\"https:\/\/consbuenosaires.esteri.it\/wp-content\/uploads\/2026\/09\/Avviso-sponsorizzazione-attivita-2027-per-pubblicazione.pdf\" target=\"_blank\" rel=\"noopener\">Avviso pubblico<\/a><\/p>\n<p><a href=\"https:\/\/consbuenosaires.esteri.it\/wp-content\/uploads\/2026\/09\/Formulario-manifestazione-interesse-evento-sportivo-Maratana-2027-ITA.pdf\" target=\"_blank\" rel=\"noopener\">Formulario manifestazione di interesse e informativa privacy &#8211; V edizione dell\u2019evento sportivo di corsa denominato \u201cMaraTana\u201d<\/a>;<\/p>\n<p><a href=\"https:\/\/consbuenosaires.esteri.it\/wp-content\/uploads\/2026\/09\/Formulario-manifestazione-interesse-Anniversario-Repubblica-Italiana-2027-ITA.pdf\" target=\"_blank\" rel=\"noopener\">Formulario manifestazione di interesse e informativa privacy &#8211; Attivit\u00e0 celebrative in occasione dell\u2019Anniversario della Repubblica Italiana<\/a>;<\/p>\n<p><a href=\"https:\/\/consbuenosaires.esteri.it\/wp-content\/uploads\/2026\/09\/Formulario-manifestazione-interesse-Evento-fine-anno-2027-ITA.pdf\">Formulario manifestazione di interesse e informativa privacy &#8211; Evento artistico &#8211; musicale di fine anno<\/a>.<\/p>\n","protected":false},"excerpt":{"rendered":"Si pubblica l\u2019avviso per l\u2019offerta di sponsorizzazioni ai fini dell\u2019organizzazione delle attivit\u00e0 di promozione istituzionali che avranno luogo nell\u2019anno 2027. Si tratta di attivit\u00e0 di promozione della cultura italiana, nonch\u00e9 di coinvolgimento della collettivit\u00e0 italiana e italo-argentina a Buenos Aires, com\u2019\u00e8 noto la pi\u00f9 numerosa al mondo fuori dai confini nazionali, con l\u2019obiettivo di riavvicinare [&hellip;]","protected":false},"author":6,"featured_media":11128,"comment_status":"closed","ping_status":"closed","sticky":false,"template":"","format":"standard","meta":{"footnotes":""},"tags":[],"class_list":["post-11481","post","type-post","status-publish","format-standard","has-post-thumbnail","hentry"],"_links":{"self":[{"href":"https:\/\/consbuenosaires.esteri.it\/it\/wp-json\/wp\/v2\/posts\/11481","targetHints":{"allow":["GET"]}}],"collection":[{"href":"https:\/\/consbuenosaires.esteri.it\/it\/wp-json\/wp\/v2\/posts"}],"about":[{"href":"https:\/\/consbuenosaires.esteri.it\/it\/wp-json\/wp\/v2\/types\/post"}],"author":[{"embeddable":true,"href":"https:\/\/consbuenosaires.esteri.it\/it\/wp-json\/wp\/v2\/users\/6"}],"replies":[{"embeddable":true,"href":"https:\/\/consbuenosaires.esteri.it\/it\/wp-json\/wp\/v2\/comments?post=11481"}],"version-history":[{"count":1,"href":"https:\/\/consbuenosaires.esteri.it\/it\/wp-json\/wp\/v2\/posts\/11481\/revisions"}],"predecessor-version":[{"id":11482,"href":"https:\/\/consbuenosaires.esteri.it\/it\/wp-json\/wp\/v2\/posts\/11481\/revisions\/11482"}],"wp:featuredmedia":[{"embeddable":true,"href":"https:\/\/consbuenosaires.esteri.it\/it\/wp-json\/wp\/v2\/media\/11128"}],"wp:attachment":[{"href":"https:\/\/consbuenosaires.esteri.it\/it\/wp-json\/wp\/v2\/media?parent=11481"}],"wp:term":[{"taxonomy":"post_tag","embeddable":true,"href":"https:\/\/consbuenosaires.esteri.it\/it\/wp-json\/wp\/v2\/tags?post=11481"}],"curies":[{"name":"wp","href":"https:\/\/api.w.org\/{rel}","templated":true}]}}