{"id":962,"date":"2023-11-28T20:02:51","date_gmt":"2023-11-28T19:02:51","guid":{"rendered":"https:\/\/consbuenosaires.esteri.it\/news\/dal_consolato\/2023\/01\/calendario-delle-festivita-2023-2\/"},"modified":"2024-09-09T20:38:35","modified_gmt":"2024-09-09T18:38:35","slug":"calendario-delle-festivita-2023-2","status":"publish","type":"post","link":"https:\/\/consbuenosaires.esteri.it\/es\/news\/dal_consolato\/2023\/11\/calendario-delle-festivita-2023-2\/","title":{"rendered":"CALENDARIO FERIADOS 2024"},"content":{"rendered":"<p>El Consulado General <span style=\"text-decoration: underline;\">permanecer\u00e1 cerrado los siguientes d\u00edas<\/span>:<\/p>\n<p><strong>01.01.2024<\/strong> A\u00f1o nuevo<\/p>\n<p><strong>29.03.2024<\/strong> Viernes Santo<\/p>\n<p><strong>01.04.2024<\/strong> Lunes del \u00c1ngel<\/p>\n<p><strong>25.04.2024<\/strong> Fiesta de la Liberaci\u00f3n<\/p>\n<p><strong>01.05.2024<\/strong> D\u00eda de los Trabajadores<\/p>\n<p><strong>25.05.2024<\/strong> D\u00eda de la Revoluci\u00f3n de Mayo<\/p>\n<p><strong>02.06.2024<\/strong> Fiesta de la Rep\u00fablica<\/p>\n<p><strong>09.07.2024<\/strong> D\u00eda de la Independencia<\/p>\n<p><strong>12.10.2024<\/strong> D\u00eda del respeto a la Diversidad Cultural<\/p>\n<p><strong>25.12.2024<\/strong> Navidad<\/p>\n<p><strong>26.12.2024<\/strong> San Esteban<\/p>\n<p>Los dem\u00e1s d\u00edas, <span style=\"text-decoration: underline;\">la sede trabajar\u00e1 con normalidad<\/span>.<\/p>\n","protected":false},"excerpt":{"rendered":"El Consulado General permanecer\u00e1 cerrado los siguientes d\u00edas: 01.01.2024 A\u00f1o nuevo 29.03.2024 Viernes Santo 01.04.2024 Lunes del \u00c1ngel 25.04.2024 Fiesta de la Liberaci\u00f3n 01.05.2024 D\u00eda de los Trabajadores 25.05.2024 D\u00eda de la Revoluci\u00f3n de Mayo 02.06.2024 Fiesta de la Rep\u00fablica 09.07.2024 D\u00eda de la Independencia 12.10.2024 D\u00eda del respeto a la Diversidad Cultural 25.12.2024 Navidad [&hellip;]","protected":false},"author":1,"featured_media":2287,"comment_status":"closed","ping_status":"closed","sticky":false,"template":"","format":"standard","meta":{"footnotes":""},"tags":[],"class_list":["post-962","post","type-post","status-publish","format-standard","has-post-thumbnail","hentry"],"_links":{"self":[{"href":"https:\/\/consbuenosaires.esteri.it\/es\/wp-json\/wp\/v2\/posts\/962","targetHints":{"allow":["GET"]}}],"collection":[{"href":"https:\/\/consbuenosaires.esteri.it\/es\/wp-json\/wp\/v2\/posts"}],"about":[{"href":"https:\/\/consbuenosaires.esteri.it\/es\/wp-json\/wp\/v2\/types\/post"}],"author":[{"embeddable":true,"href":"https:\/\/consbuenosaires.esteri.it\/es\/wp-json\/wp\/v2\/users\/1"}],"replies":[{"embeddable":true,"href":"https:\/\/consbuenosaires.esteri.it\/es\/wp-json\/wp\/v2\/comments?post=962"}],"version-history":[{"count":3,"href":"https:\/\/consbuenosaires.esteri.it\/es\/wp-json\/wp\/v2\/posts\/962\/revisions"}],"predecessor-version":[{"id":5161,"href":"https:\/\/consbuenosaires.esteri.it\/es\/wp-json\/wp\/v2\/posts\/962\/revisions\/5161"}],"wp:featuredmedia":[{"embeddable":true,"href":"https:\/\/consbuenosaires.esteri.it\/es\/wp-json\/wp\/v2\/media\/2287"}],"wp:attachment":[{"href":"https:\/\/consbuenosaires.esteri.it\/es\/wp-json\/wp\/v2\/media?parent=962"}],"wp:term":[{"taxonomy":"post_tag","embeddable":true,"href":"https:\/\/consbuenosaires.esteri.it\/es\/wp-json\/wp\/v2\/tags?post=962"}],"curies":[{"name":"wp","href":"https:\/\/api.w.org\/{rel}","templated":true}]}}