{"id":9322,"date":"2025-11-05T17:32:22","date_gmt":"2025-11-05T20:32:22","guid":{"rendered":"https:\/\/consbuenosaires.esteri.it\/?p=9322"},"modified":"2025-11-14T17:58:00","modified_gmt":"2025-11-14T20:58:00","slug":"semana-de-la-cocina-italiana-en-el-mundo-2025-x-edicion","status":"publish","type":"post","link":"https:\/\/consbuenosaires.esteri.it\/es\/news\/dal_consolato\/2025\/11\/semana-de-la-cocina-italiana-en-el-mundo-2025-x-edicion\/","title":{"rendered":"X edici\u00f3n de la Semana de la Cocina Italiana en el Mundo 2025"},"content":{"rendered":"<p style=\"text-align: justify;\" data-start=\"265\" data-end=\"499\">En 2025 la <em data-start=\"276\" data-end=\"318\">Semana de la Cocina Italiana en el Mundo<\/em>, promovida por el MAECI, llega a su d\u00e9cima edici\u00f3n y se confirma como uno de los eventos internacionales m\u00e1s esperados dedicados a la promoci\u00f3n de la cultura gastron\u00f3mica italiana.<\/p>\n<p style=\"text-align: justify;\" data-start=\"501\" data-end=\"751\">El tema de este a\u00f1o \u2014 <em data-start=\"523\" data-end=\"579\">\u201cLa cocina italiana entre salud, cultura e innovaci\u00f3n\u201d<\/em> \u2014 pone en di\u00e1logo la tradici\u00f3n y la contemporaneidad a trav\u00e9s de estas tres dimensiones, destacando el rol de la comida como instrumento de bienestar e identidad cultural.<\/p>\n<p style=\"text-align: justify;\" data-start=\"753\" data-end=\"1184\">El Consulado General en Buenos Aires participa con una intensa agenda de actividades: degustaciones, clases magistrales, encuentros con reconocidos chefs italianos, talleres sobre el arte de la pasta dirigidos a los alumnos de las escuelas italianas e iniciativas solidarias. Propuestas que dar\u00e1n cuenta de la vitalidad de la cocina italiana y de su capacidad de unir a las personas a trav\u00e9s del gusto, el saber hacer y la cultura.<\/p>\n<p style=\"text-align: justify;\" data-start=\"1186\" data-end=\"1691\">En este marco, el Consulado General adhiere adem\u00e1s con gran entusiasmo al proyecto promovido por el MAECI, en colaboraci\u00f3n con \u00ab<em data-start=\"1313\" data-end=\"1330\">GialloZafferano\u00bb<\/em>: \u201cEl gusto del bienestar: tres men\u00fas italianos\u201d, que presenta diez videorrecetas inspiradas en la tradici\u00f3n y reinterpretadas en clave ligera y contempor\u00e1nea, para promover una cocina equilibrada, accesible y de calidad.<br data-start=\"1555\" data-end=\"1558\" \/>Los videos est\u00e1n disponibles en los canales oficiales del Consulado General de Italia en Buenos Aires. \u00a1Los invitamos a descubrirlos!<\/p>\n<p style=\"text-align: justify;\" data-start=\"1693\" data-end=\"1789\">El programa completo de la Semana de la Cocina Italiana en el Mundo 2025 puede consultarse aqu\u00ed<\/p>\n<p data-prosemirror-content-type=\"node\" data-prosemirror-node-name=\"paragraph\" data-prosemirror-node-block=\"true\" data-pm-slice=\"1 1 []\">\ud83d\udc49 <a href=\"https:\/\/ambbuenosaires.esteri.it\/wp-content\/uploads\/2025\/10\/SCIM-2025-programa-Argentina.pdf\">Programa SCIM 2025<\/a><\/p>\n<p data-start=\"1693\" data-end=\"1789\">El programa de las actividades organizadas por este Consulado General se puede consultar aqu\u00ed \ud83d\udc49 <a href=\"https:\/\/consbuenosaires.esteri.it\/wp-content\/uploads\/2025\/11\/PROGRAMA_SCIM_2025_-1.pdf\">Eventos SCIM 2025 &#8211; Buenos Aires<\/a><\/p>\n","protected":false},"excerpt":{"rendered":"En 2025 la Semana de la Cocina Italiana en el Mundo, promovida por el MAECI, llega a su d\u00e9cima edici\u00f3n y se confirma como uno de los eventos internacionales m\u00e1s esperados dedicados a la promoci\u00f3n de la cultura gastron\u00f3mica italiana. El tema de este a\u00f1o \u2014 \u201cLa cocina italiana entre salud, cultura e innovaci\u00f3n\u201d \u2014 [&hellip;]","protected":false},"author":8,"featured_media":9316,"comment_status":"closed","ping_status":"closed","sticky":false,"template":"","format":"standard","meta":{"footnotes":""},"tags":[],"class_list":["post-9322","post","type-post","status-publish","format-standard","has-post-thumbnail","hentry"],"_links":{"self":[{"href":"https:\/\/consbuenosaires.esteri.it\/es\/wp-json\/wp\/v2\/posts\/9322","targetHints":{"allow":["GET"]}}],"collection":[{"href":"https:\/\/consbuenosaires.esteri.it\/es\/wp-json\/wp\/v2\/posts"}],"about":[{"href":"https:\/\/consbuenosaires.esteri.it\/es\/wp-json\/wp\/v2\/types\/post"}],"author":[{"embeddable":true,"href":"https:\/\/consbuenosaires.esteri.it\/es\/wp-json\/wp\/v2\/users\/8"}],"replies":[{"embeddable":true,"href":"https:\/\/consbuenosaires.esteri.it\/es\/wp-json\/wp\/v2\/comments?post=9322"}],"version-history":[{"count":6,"href":"https:\/\/consbuenosaires.esteri.it\/es\/wp-json\/wp\/v2\/posts\/9322\/revisions"}],"predecessor-version":[{"id":9460,"href":"https:\/\/consbuenosaires.esteri.it\/es\/wp-json\/wp\/v2\/posts\/9322\/revisions\/9460"}],"wp:featuredmedia":[{"embeddable":true,"href":"https:\/\/consbuenosaires.esteri.it\/es\/wp-json\/wp\/v2\/media\/9316"}],"wp:attachment":[{"href":"https:\/\/consbuenosaires.esteri.it\/es\/wp-json\/wp\/v2\/media?parent=9322"}],"wp:term":[{"taxonomy":"post_tag","embeddable":true,"href":"https:\/\/consbuenosaires.esteri.it\/es\/wp-json\/wp\/v2\/tags?post=9322"}],"curies":[{"name":"wp","href":"https:\/\/api.w.org\/{rel}","templated":true}]}}