{"id":5552,"date":"2024-11-13T18:14:13","date_gmt":"2024-11-13T17:14:13","guid":{"rendered":"https:\/\/consbuenosaires.esteri.it\/?p=5552"},"modified":"2024-11-13T19:01:09","modified_gmt":"2024-11-13T18:01:09","slug":"ix-semana-de-la-cocina-italiana-en-el-mundo-dieta-mediterranea-y-cocina-de-las-raices-salud-y-tradicion","status":"publish","type":"post","link":"https:\/\/consbuenosaires.esteri.it\/es\/news\/dal_consolato\/2024\/11\/ix-semana-de-la-cocina-italiana-en-el-mundo-dieta-mediterranea-y-cocina-de-las-raices-salud-y-tradicion\/","title":{"rendered":"IX Semana de la Cocina Italiana en el Mundo &#8211; \u201cDieta Mediterr\u00e1nea y Cocina de las Ra\u00edces: Salud y Tradici\u00f3n\u201d"},"content":{"rendered":"<p>&nbsp;<\/p>\n<p>La <strong>Semana de la Cocina Italiana en el Mundo<\/strong> es una iniciativa anual promovida por el <strong>Ministerio de Asuntos Exteriores y Cooperaci\u00f3n Internacional de Italia<\/strong>, cuyo objetivo es valorizar la excelencia de toda la cadena agroalimentaria italiana en el extranjero.<\/p>\n<p>La IX edici\u00f3n, dedicada a \u00abDieta Mediterr\u00e1nea y Cocina de las Ra\u00edces: Salud y Tradici\u00f3n\u00bb, se celebrar\u00e1 del 16 al 22 de noviembre y se enfocar\u00e1 en la extraordinaria riqueza de la tradici\u00f3n culinaria italiana y en el papel fundamental de la Dieta Mediterr\u00e1nea en la promoci\u00f3n de la salud y el bienestar, as\u00ed como en un estilo de vida sano, equilibrado y sostenible.<\/p>\n<p>Junto a los aspectos relacionados con la salud y la sostenibilidad, se har\u00e1 especial \u00e9nfasis en el tema de las tradiciones, dentro del marco del \u00abA\u00f1o de las Ra\u00edces Italianas en el Mundo\u00bb, destacando el papel central de la comunidad italiana en Argentina y de las asociaciones en la difusi\u00f3n de nuestro patrimonio agroalimentario, culinario y vitivin\u00edcola.<\/p>\n<p>Para celebrar el \u00abA\u00f1o de las Ra\u00edces\u00bb, se ha creado una recopilaci\u00f3n de historias familiares acompa\u00f1adas de deliciosas recetas y curiosidades hist\u00f3ricas: los \u201cRelatos de las Ra\u00edces\u201d est\u00e1n disponibles en <a href=\"https:\/\/drive.google.com\/file\/d\/1ICDg3Kq_xPOMVAcKwaIBP35n4GLnizkr\/view?usp=drive_link\"><strong>formato libro<\/strong><\/a>\u00a0 y como <strong><a href=\"https:\/\/www.youtube.com\/playlist?list=PLjJM0zO_UjszFOboHue4PNLluXf8Jy32o\">proyecto multimedia<\/a><\/strong>.<\/p>\n<p>M\u00e1s de 60 iniciativas han sido organizadas por la red diplom\u00e1tica y consular, los Institutos Italianos de Cultura y los socios del Sistema Italia en Argentina dentro del marco de la SCIM 2024, con una amplia<strong> <a href=\"https:\/\/drive.google.com\/file\/d\/1cbdh96Z_y8bJIqgEZlfHmUPPMeO0avPk\/view\">variedad de propuestas<\/a><\/strong> en todo el pa\u00eds, que incluyen degustaciones, masterclasses, circuitos gastron\u00f3micos, eventos para profesionales del sector, proyecciones de pel\u00edculas, actividades en escuelas, conferencias y seminarios en l\u00ednea y presenciales, y eventos solidarios.<\/p>\n<p>Todas las iniciativas organizadas en el marco de la IX Semana de la Cocina Italiana en el Mundo podr\u00e1n seguirse en las redes sociales con el hashtag #SCIM2024 y ser\u00e1n promovidas por nuestras redes sociales.<\/p>\n<p>Invitamos a todos a participar en esta Semana extraordinaria, llena de eventos, tradici\u00f3n e identidad, para celebrar juntos la cocina y la tradici\u00f3n gastron\u00f3mica italiana: un patrimonio cultural excepcional que promueve el bienestar y la sostenibilidad en la vida cotidiana de todos nosotros.<\/p>\n","protected":false},"excerpt":{"rendered":"&nbsp; La Semana de la Cocina Italiana en el Mundo es una iniciativa anual promovida por el Ministerio de Asuntos Exteriores y Cooperaci\u00f3n Internacional de Italia, cuyo objetivo es valorizar la excelencia de toda la cadena agroalimentaria italiana en el extranjero. La IX edici\u00f3n, dedicada a \u00abDieta Mediterr\u00e1nea y Cocina de las Ra\u00edces: Salud y [&hellip;]","protected":false},"author":6,"featured_media":5548,"comment_status":"closed","ping_status":"closed","sticky":false,"template":"","format":"standard","meta":{"footnotes":""},"tags":[],"class_list":["post-5552","post","type-post","status-publish","format-standard","has-post-thumbnail","hentry"],"_links":{"self":[{"href":"https:\/\/consbuenosaires.esteri.it\/es\/wp-json\/wp\/v2\/posts\/5552","targetHints":{"allow":["GET"]}}],"collection":[{"href":"https:\/\/consbuenosaires.esteri.it\/es\/wp-json\/wp\/v2\/posts"}],"about":[{"href":"https:\/\/consbuenosaires.esteri.it\/es\/wp-json\/wp\/v2\/types\/post"}],"author":[{"embeddable":true,"href":"https:\/\/consbuenosaires.esteri.it\/es\/wp-json\/wp\/v2\/users\/6"}],"replies":[{"embeddable":true,"href":"https:\/\/consbuenosaires.esteri.it\/es\/wp-json\/wp\/v2\/comments?post=5552"}],"version-history":[{"count":6,"href":"https:\/\/consbuenosaires.esteri.it\/es\/wp-json\/wp\/v2\/posts\/5552\/revisions"}],"predecessor-version":[{"id":5593,"href":"https:\/\/consbuenosaires.esteri.it\/es\/wp-json\/wp\/v2\/posts\/5552\/revisions\/5593"}],"wp:featuredmedia":[{"embeddable":true,"href":"https:\/\/consbuenosaires.esteri.it\/es\/wp-json\/wp\/v2\/media\/5548"}],"wp:attachment":[{"href":"https:\/\/consbuenosaires.esteri.it\/es\/wp-json\/wp\/v2\/media?parent=5552"}],"wp:term":[{"taxonomy":"post_tag","embeddable":true,"href":"https:\/\/consbuenosaires.esteri.it\/es\/wp-json\/wp\/v2\/tags?post=5552"}],"curies":[{"name":"wp","href":"https:\/\/api.w.org\/{rel}","templated":true}]}}