{"id":11484,"date":"2026-09-01T13:11:15","date_gmt":"2026-09-01T16:11:15","guid":{"rendered":"https:\/\/consbuenosaires.esteri.it\/?p=11484"},"modified":"2026-09-01T13:13:23","modified_gmt":"2026-09-01T16:13:23","slug":"aviso-publico-para-la-oferta-de-patrocinadores-para-la-organizacion-de-las-actividades-de-promocion-institucional-2027","status":"publish","type":"post","link":"https:\/\/consbuenosaires.esteri.it\/es\/news\/dal_consolato\/2026\/09\/aviso-publico-para-la-oferta-de-patrocinadores-para-la-organizacion-de-las-actividades-de-promocion-institucional-2027\/","title":{"rendered":"AVISO P\u00daBLICO PARA LA OFERTA DE PATROCINADORES PARA LA ORGANIZACI\u00d3N DE LAS ACTIVIDADES DE PROMOCI\u00d3N INSTITUCIONAL 2027"},"content":{"rendered":"<p>Se publica el aviso para la b\u00fasqueda de patrocinadores para la organizaci\u00f3n de las actividades de promoci\u00f3n institucional que se llevar\u00e1n a cabo durante el a\u00f1o 2027.<\/p>\n<p>Se trata de actividades de promoci\u00f3n de la cultura italiana, adem\u00e1s de integraci\u00f3n de la colectividad italiana e \u00edtalo-argentina de Buenos Aires, conocida como la m\u00e1s numerosa del mundo fuera de los confines nacionales, con el objetivo de acercar nuevamente a los \u00edtalo-argentinos a sus or\u00edgenes y estimular el inter\u00e9s hacia nuestro pa\u00eds.<\/p>\n<p>Descargue:<\/p>\n<p><a href=\"https:\/\/consbuenosaires.esteri.it\/wp-content\/uploads\/2026\/09\/Aviso-patrocinio-actividades-2027-per-pubblicazione.pdf\" target=\"_blank\" rel=\"noopener\">Aviso p\u00fablico<\/a><\/p>\n<p><a href=\"https:\/\/consbuenosaires.esteri.it\/wp-content\/uploads\/2026\/09\/Formulario-manifestacion-interes-MaraTana-2027-ESP.pdf\" target=\"_blank\" rel=\"noopener\">Formulario de manifestaci\u00f3n de inter\u00e9s e informaci\u00f3n sobre el tratamiento de los datos personales \u2013 V edici\u00f3n del evento deportivo de carrera \u201cMaraTana\u201d<\/a>;<\/p>\n<p><a href=\"https:\/\/consbuenosaires.esteri.it\/wp-content\/uploads\/2026\/09\/Formulario-manifestacion-interes-Fiesta-Republica-2027-ESP.pdf\" target=\"_blank\" rel=\"noopener\">Formulario de manifestaci\u00f3n de inter\u00e9s e informaci\u00f3n sobre el tratamiento de los datos personales \u2013 Actividades celebradas en ocasi\u00f3n del Aniversario de la Rep\u00fablica Italiana<\/a>;<\/p>\n<p><a href=\"https:\/\/consbuenosaires.esteri.it\/wp-content\/uploads\/2026\/09\/Formulario-manifestacion-interes-Evento-de-fin-de-ano-2027-ESP.pdf\" target=\"_blank\" rel=\"noopener\">Formulario de manifestaci\u00f3n de inter\u00e9s e informaci\u00f3n sobre el tratamiento de los datos personales \u2013 Evento art\u00edstico-musical de fin de a\u00f1o<\/a>.<\/p>\n","protected":false},"excerpt":{"rendered":"Se publica el aviso para la b\u00fasqueda de patrocinadores para la organizaci\u00f3n de las actividades de promoci\u00f3n institucional que se llevar\u00e1n a cabo durante el a\u00f1o 2027. Se trata de actividades de promoci\u00f3n de la cultura italiana, adem\u00e1s de integraci\u00f3n de la colectividad italiana e \u00edtalo-argentina de Buenos Aires, conocida como la m\u00e1s numerosa del [&hellip;]","protected":false},"author":6,"featured_media":11125,"comment_status":"closed","ping_status":"closed","sticky":false,"template":"","format":"standard","meta":{"footnotes":""},"tags":[],"class_list":["post-11484","post","type-post","status-publish","format-standard","has-post-thumbnail","hentry"],"_links":{"self":[{"href":"https:\/\/consbuenosaires.esteri.it\/es\/wp-json\/wp\/v2\/posts\/11484","targetHints":{"allow":["GET"]}}],"collection":[{"href":"https:\/\/consbuenosaires.esteri.it\/es\/wp-json\/wp\/v2\/posts"}],"about":[{"href":"https:\/\/consbuenosaires.esteri.it\/es\/wp-json\/wp\/v2\/types\/post"}],"author":[{"embeddable":true,"href":"https:\/\/consbuenosaires.esteri.it\/es\/wp-json\/wp\/v2\/users\/6"}],"replies":[{"embeddable":true,"href":"https:\/\/consbuenosaires.esteri.it\/es\/wp-json\/wp\/v2\/comments?post=11484"}],"version-history":[{"count":1,"href":"https:\/\/consbuenosaires.esteri.it\/es\/wp-json\/wp\/v2\/posts\/11484\/revisions"}],"predecessor-version":[{"id":11487,"href":"https:\/\/consbuenosaires.esteri.it\/es\/wp-json\/wp\/v2\/posts\/11484\/revisions\/11487"}],"wp:featuredmedia":[{"embeddable":true,"href":"https:\/\/consbuenosaires.esteri.it\/es\/wp-json\/wp\/v2\/media\/11125"}],"wp:attachment":[{"href":"https:\/\/consbuenosaires.esteri.it\/es\/wp-json\/wp\/v2\/media?parent=11484"}],"wp:term":[{"taxonomy":"post_tag","embeddable":true,"href":"https:\/\/consbuenosaires.esteri.it\/es\/wp-json\/wp\/v2\/tags?post=11484"}],"curies":[{"name":"wp","href":"https:\/\/api.w.org\/{rel}","templated":true}]}}